{"id":3357,"date":"2026-03-03T13:48:16","date_gmt":"2026-03-03T13:48:16","guid":{"rendered":"https:\/\/remind.it\/?p=3357"},"modified":"2026-03-03T14:15:14","modified_gmt":"2026-03-03T14:15:14","slug":"vittorio-de-pedys-presidente-simest-allitalian-investment-council-by-remind-per-litalia-lexport-una-vera-necessita-strategica","status":"publish","type":"post","link":"https:\/\/remind.it\/en\/vittorio-de-pedys-presidente-simest-allitalian-investment-council-by-remind-per-litalia-lexport-una-vera-necessita-strategica\/","title":{"rendered":"Vittorio de Pedys Presidente Simest all\u2019Italian Investment Council by Remind: \u201cPer l\u2019Italia l\u2019export una vera necessit\u00e0 strategica\u201d."},"content":{"rendered":"<p style=\"font-weight: 400;\"><strong>Roma, Febbraio 2026<\/strong> \u2013 Si \u00e8 svolta a Roma la terza edizione dell\u2019<strong>Italian Investment Council 2026 by Remind<\/strong> presso Sala Europa &#8211; Ufficio del Parlamento europeo in Italia a <strong>Palazzo Generali<\/strong>.<\/p>\n<p style=\"font-weight: 400;\">L\u2019incontro, promosso da <strong>Remind (Associazione delle Buone Pratiche dei Settori Produttivi della Nazione)<\/strong>, rappresenta una piattaforma di dialogo <strong>in cui\u00a0Istituzioni nazionali, internazionali e locali, insieme a\u00a0Imprenditori, Manager, Esperti e Professionisti\u00a0si riuniscono per analizzare le sfide da affrontare e le opportunit\u00e0 da cogliere, con l\u2019obiettivo di\u00a0promuovere iniziative di crescita e prospettive di sviluppo economico, sostenibile, sociale e culturale per l\u2019Italia.<\/strong><\/p>\n<p style=\"font-weight: 400;\"><strong>Tra le buone pratiche dei settori produttivi vi \u00e8 stato anche il contributo di Mario Orabona Senior Analyst Sace<\/strong>: \u201cRingrazio Paolo Crisafi e Remind per l\u2019invito all\u2019Italian Investment Council. I nostri imprenditori, in particolare le piccole e medie imprese, hanno dimostrato nel tempo una straordinaria capacit\u00e0 di adattamento, creativit\u00e0 e resilienza, riuscendo a crescere e a innovare anche in contesti complessi.\u00a0 Per l\u2019Italia l\u2019export non \u00e8 solo un\u2019opportunit\u00e0, ma una vera necessit\u00e0 strategica. I dati dimostrano chiaramente che le imprese che operano sui mercati internazionali crescono molto pi\u00f9 velocemente rispetto a quelle che restano esclusivamente sul mercato domestico. Nonostante le tensioni commerciali e l\u2019introduzione di dazi da parte degli Stati Uniti, nel 2025 le esportazioni italiane verso quel mercato sono cresciute significativamente. Questo dimostra la forza del Made in Italy e il valore di prodotti spesso difficilmente sostituibili, apprezzati per qualit\u00e0, innovazione e identit\u00e0.\u00a0 Allo stesso tempo stiamo assistendo a un cambiamento nella percezione internazionale dell\u2019Italia.\u201d<\/p>\n","protected":false},"excerpt":{"rendered":"<p>Roma, Febbraio 2026 \u2013 Si \u00e8 svolta a Roma la  [&#8230;]<\/p>\n","protected":false},"author":2,"featured_media":3385,"comment_status":"open","ping_status":"open","sticky":false,"template":"","format":"standard","meta":{"_acf_changed":false,"_price":"","_stock":"","_tribe_ticket_header":"","_tribe_default_ticket_provider":"","_tribe_ticket_capacity":"","_ticket_start_date":"","_ticket_end_date":"","_tribe_ticket_show_description":"","_tribe_ticket_show_not_going":false,"_tribe_ticket_use_global_stock":"","_tribe_ticket_global_stock_level":"","_global_stock_mode":"","_global_stock_cap":"","_tribe_rsvp_for_event":"","_tribe_ticket_going_count":"","_tribe_ticket_not_going_count":"","_tribe_tickets_list":"[]","_tribe_ticket_has_attendee_info_fields":false,"footnotes":""},"categories":[26],"tags":[],"class_list":["post-3357","post","type-post","status-publish","format-standard","has-post-thumbnail","hentry","category-articoli"],"acf":[],"yoast_head":"<!-- This site is optimized with the Yoast SEO plugin v27.4 - https:\/\/yoast.com\/product\/yoast-seo-wordpress\/ -->\n<title>Vittorio de Pedys Presidente Simest all\u2019Italian Investment Council by Remind: \u201cPer l\u2019Italia l\u2019export una vera necessit\u00e0 strategica\u201d. - Remind<\/title>\n<meta name=\"robots\" content=\"index, follow, max-snippet:-1, max-image-preview:large, max-video-preview:-1\" \/>\n<link rel=\"canonical\" href=\"https:\/\/remind.it\/en\/vittorio-de-pedys-presidente-simest-allitalian-investment-council-by-remind-per-litalia-lexport-una-vera-necessita-strategica\/\" \/>\n<meta property=\"og:locale\" content=\"en_US\" \/>\n<meta property=\"og:type\" content=\"article\" \/>\n<meta property=\"og:title\" content=\"Vittorio de Pedys Presidente Simest all\u2019Italian Investment Council by Remind: \u201cPer l\u2019Italia l\u2019export una vera necessit\u00e0 strategica\u201d. - Remind\" \/>\n<meta property=\"og:description\" content=\"Roma, Febbraio 2026 \u2013 Si \u00e8 svolta a Roma la [...]\" \/>\n<meta property=\"og:url\" content=\"https:\/\/remind.it\/en\/vittorio-de-pedys-presidente-simest-allitalian-investment-council-by-remind-per-litalia-lexport-una-vera-necessita-strategica\/\" \/>\n<meta property=\"og:site_name\" content=\"Remind\" \/>\n<meta property=\"article:published_time\" content=\"2026-03-03T13:48:16+00:00\" \/>\n<meta property=\"article:modified_time\" content=\"2026-03-03T14:15:14+00:00\" \/>\n<meta property=\"og:image\" content=\"https:\/\/remind.it\/wp-content\/uploads\/2026\/03\/DE-PEDYS-rotated-e1772547303346.jpg\" \/>\n\t<meta property=\"og:image:width\" content=\"1248\" \/>\n\t<meta property=\"og:image:height\" content=\"1176\" \/>\n\t<meta property=\"og:image:type\" content=\"image\/jpeg\" \/>\n<meta name=\"author\" content=\"Giulia Bisegni\" \/>\n<meta name=\"twitter:card\" content=\"summary_large_image\" \/>\n<meta name=\"twitter:label1\" content=\"Written by\" \/>\n\t<meta name=\"twitter:data1\" content=\"Giulia Bisegni\" \/>\n\t<meta name=\"twitter:label2\" content=\"Est. reading time\" \/>\n\t<meta name=\"twitter:data2\" content=\"2 minutes\" \/>\n<script type=\"application\/ld+json\" class=\"yoast-schema-graph\">{\"@context\":\"https:\\\/\\\/schema.org\",\"@graph\":[{\"@type\":\"Article\",\"@id\":\"https:\\\/\\\/remind.it\\\/en\\\/vittorio-de-pedys-presidente-simest-allitalian-investment-council-by-remind-per-litalia-lexport-una-vera-necessita-strategica\\\/#article\",\"isPartOf\":{\"@id\":\"https:\\\/\\\/remind.it\\\/en\\\/vittorio-de-pedys-presidente-simest-allitalian-investment-council-by-remind-per-litalia-lexport-una-vera-necessita-strategica\\\/\"},\"author\":{\"name\":\"Giulia Bisegni\",\"@id\":\"https:\\\/\\\/remind.it\\\/en\\\/#\\\/schema\\\/person\\\/97b5493af9af7b235597ce0461c37c80\"},\"headline\":\"Vittorio de Pedys Presidente Simest all\u2019Italian Investment Council by Remind: \u201cPer l\u2019Italia l\u2019export una vera necessit\u00e0 strategica\u201d.\",\"datePublished\":\"2026-03-03T13:48:16+00:00\",\"dateModified\":\"2026-03-03T14:15:14+00:00\",\"mainEntityOfPage\":{\"@id\":\"https:\\\/\\\/remind.it\\\/en\\\/vittorio-de-pedys-presidente-simest-allitalian-investment-council-by-remind-per-litalia-lexport-una-vera-necessita-strategica\\\/\"},\"wordCount\":274,\"commentCount\":0,\"publisher\":{\"@id\":\"https:\\\/\\\/remind.it\\\/en\\\/#organization\"},\"image\":{\"@id\":\"https:\\\/\\\/remind.it\\\/en\\\/vittorio-de-pedys-presidente-simest-allitalian-investment-council-by-remind-per-litalia-lexport-una-vera-necessita-strategica\\\/#primaryimage\"},\"thumbnailUrl\":\"https:\\\/\\\/remind.it\\\/wp-content\\\/uploads\\\/2026\\\/03\\\/DE-PEDYS-rotated-e1772547303346.jpg\",\"articleSection\":[\"Articoli\"],\"inLanguage\":\"en-US\",\"potentialAction\":[{\"@type\":\"CommentAction\",\"name\":\"Comment\",\"target\":[\"https:\\\/\\\/remind.it\\\/en\\\/vittorio-de-pedys-presidente-simest-allitalian-investment-council-by-remind-per-litalia-lexport-una-vera-necessita-strategica\\\/#respond\"]}]},{\"@type\":\"WebPage\",\"@id\":\"https:\\\/\\\/remind.it\\\/en\\\/vittorio-de-pedys-presidente-simest-allitalian-investment-council-by-remind-per-litalia-lexport-una-vera-necessita-strategica\\\/\",\"url\":\"https:\\\/\\\/remind.it\\\/en\\\/vittorio-de-pedys-presidente-simest-allitalian-investment-council-by-remind-per-litalia-lexport-una-vera-necessita-strategica\\\/\",\"name\":\"Vittorio de Pedys Presidente Simest all\u2019Italian Investment Council by Remind: \u201cPer l\u2019Italia l\u2019export una vera necessit\u00e0 strategica\u201d. - Remind\",\"isPartOf\":{\"@id\":\"https:\\\/\\\/remind.it\\\/en\\\/#website\"},\"primaryImageOfPage\":{\"@id\":\"https:\\\/\\\/remind.it\\\/en\\\/vittorio-de-pedys-presidente-simest-allitalian-investment-council-by-remind-per-litalia-lexport-una-vera-necessita-strategica\\\/#primaryimage\"},\"image\":{\"@id\":\"https:\\\/\\\/remind.it\\\/en\\\/vittorio-de-pedys-presidente-simest-allitalian-investment-council-by-remind-per-litalia-lexport-una-vera-necessita-strategica\\\/#primaryimage\"},\"thumbnailUrl\":\"https:\\\/\\\/remind.it\\\/wp-content\\\/uploads\\\/2026\\\/03\\\/DE-PEDYS-rotated-e1772547303346.jpg\",\"datePublished\":\"2026-03-03T13:48:16+00:00\",\"dateModified\":\"2026-03-03T14:15:14+00:00\",\"breadcrumb\":{\"@id\":\"https:\\\/\\\/remind.it\\\/en\\\/vittorio-de-pedys-presidente-simest-allitalian-investment-council-by-remind-per-litalia-lexport-una-vera-necessita-strategica\\\/#breadcrumb\"},\"inLanguage\":\"en-US\",\"potentialAction\":[{\"@type\":\"ReadAction\",\"target\":[\"https:\\\/\\\/remind.it\\\/en\\\/vittorio-de-pedys-presidente-simest-allitalian-investment-council-by-remind-per-litalia-lexport-una-vera-necessita-strategica\\\/\"]}]},{\"@type\":\"ImageObject\",\"inLanguage\":\"en-US\",\"@id\":\"https:\\\/\\\/remind.it\\\/en\\\/vittorio-de-pedys-presidente-simest-allitalian-investment-council-by-remind-per-litalia-lexport-una-vera-necessita-strategica\\\/#primaryimage\",\"url\":\"https:\\\/\\\/remind.it\\\/wp-content\\\/uploads\\\/2026\\\/03\\\/DE-PEDYS-rotated-e1772547303346.jpg\",\"contentUrl\":\"https:\\\/\\\/remind.it\\\/wp-content\\\/uploads\\\/2026\\\/03\\\/DE-PEDYS-rotated-e1772547303346.jpg\",\"width\":1248,\"height\":1176},{\"@type\":\"BreadcrumbList\",\"@id\":\"https:\\\/\\\/remind.it\\\/en\\\/vittorio-de-pedys-presidente-simest-allitalian-investment-council-by-remind-per-litalia-lexport-una-vera-necessita-strategica\\\/#breadcrumb\",\"itemListElement\":[{\"@type\":\"ListItem\",\"position\":1,\"name\":\"Home\",\"item\":\"https:\\\/\\\/remind.it\\\/en\\\/\"},{\"@type\":\"ListItem\",\"position\":2,\"name\":\"Vittorio de Pedys Presidente Simest all\u2019Italian Investment Council by Remind: \u201cPer l\u2019Italia l\u2019export una vera necessit\u00e0 strategica\u201d.\"}]},{\"@type\":\"WebSite\",\"@id\":\"https:\\\/\\\/remind.it\\\/en\\\/#website\",\"url\":\"https:\\\/\\\/remind.it\\\/en\\\/\",\"name\":\"Remind\",\"description\":\"Associazione delle Buone Pratiche dei Settori Produttivi della Nazione\",\"publisher\":{\"@id\":\"https:\\\/\\\/remind.it\\\/en\\\/#organization\"},\"potentialAction\":[{\"@type\":\"SearchAction\",\"target\":{\"@type\":\"EntryPoint\",\"urlTemplate\":\"https:\\\/\\\/remind.it\\\/en\\\/?s={search_term_string}\"},\"query-input\":{\"@type\":\"PropertyValueSpecification\",\"valueRequired\":true,\"valueName\":\"search_term_string\"}}],\"inLanguage\":\"en-US\"},{\"@type\":\"Organization\",\"@id\":\"https:\\\/\\\/remind.it\\\/en\\\/#organization\",\"name\":\"Remind\",\"url\":\"https:\\\/\\\/remind.it\\\/en\\\/\",\"logo\":{\"@type\":\"ImageObject\",\"inLanguage\":\"en-US\",\"@id\":\"https:\\\/\\\/remind.it\\\/en\\\/#\\\/schema\\\/logo\\\/image\\\/\",\"url\":\"https:\\\/\\\/remind.it\\\/wp-content\\\/uploads\\\/2025\\\/10\\\/ext-custom-logo-1759912052156.webp\",\"contentUrl\":\"https:\\\/\\\/remind.it\\\/wp-content\\\/uploads\\\/2025\\\/10\\\/ext-custom-logo-1759912052156.webp\",\"width\":256,\"height\":256,\"caption\":\"Remind\"},\"image\":{\"@id\":\"https:\\\/\\\/remind.it\\\/en\\\/#\\\/schema\\\/logo\\\/image\\\/\"}},{\"@type\":\"Person\",\"@id\":\"https:\\\/\\\/remind.it\\\/en\\\/#\\\/schema\\\/person\\\/97b5493af9af7b235597ce0461c37c80\",\"name\":\"Giulia Bisegni\",\"image\":{\"@type\":\"ImageObject\",\"inLanguage\":\"en-US\",\"@id\":\"https:\\\/\\\/secure.gravatar.com\\\/avatar\\\/67a70a2ba74baaa1b8787beb1c354b3c3c6bf37cc04ec96869b25650c1e31c5a?s=96&d=mm&r=g\",\"url\":\"https:\\\/\\\/secure.gravatar.com\\\/avatar\\\/67a70a2ba74baaa1b8787beb1c354b3c3c6bf37cc04ec96869b25650c1e31c5a?s=96&d=mm&r=g\",\"contentUrl\":\"https:\\\/\\\/secure.gravatar.com\\\/avatar\\\/67a70a2ba74baaa1b8787beb1c354b3c3c6bf37cc04ec96869b25650c1e31c5a?s=96&d=mm&r=g\",\"caption\":\"Giulia Bisegni\"},\"url\":\"https:\\\/\\\/remind.it\\\/en\\\/author\\\/bisegnigiuliagmail-com\\\/\"}]}<\/script>\n<!-- \/ Yoast SEO plugin. -->","yoast_head_json":{"title":"Vittorio de Pedys Presidente Simest all\u2019Italian Investment Council by Remind: \u201cPer l\u2019Italia l\u2019export una vera necessit\u00e0 strategica\u201d. - Remind","robots":{"index":"index","follow":"follow","max-snippet":"max-snippet:-1","max-image-preview":"max-image-preview:large","max-video-preview":"max-video-preview:-1"},"canonical":"https:\/\/remind.it\/en\/vittorio-de-pedys-presidente-simest-allitalian-investment-council-by-remind-per-litalia-lexport-una-vera-necessita-strategica\/","og_locale":"en_US","og_type":"article","og_title":"Vittorio de Pedys Presidente Simest all\u2019Italian Investment Council by Remind: \u201cPer l\u2019Italia l\u2019export una vera necessit\u00e0 strategica\u201d. - Remind","og_description":"Roma, Febbraio 2026 \u2013 Si \u00e8 svolta a Roma la [...]","og_url":"https:\/\/remind.it\/en\/vittorio-de-pedys-presidente-simest-allitalian-investment-council-by-remind-per-litalia-lexport-una-vera-necessita-strategica\/","og_site_name":"Remind","article_published_time":"2026-03-03T13:48:16+00:00","article_modified_time":"2026-03-03T14:15:14+00:00","og_image":[{"width":1248,"height":1176,"url":"https:\/\/remind.it\/wp-content\/uploads\/2026\/03\/DE-PEDYS-rotated-e1772547303346.jpg","type":"image\/jpeg"}],"author":"Giulia Bisegni","twitter_card":"summary_large_image","twitter_misc":{"Written by":"Giulia Bisegni","Est. reading time":"2 minutes"},"schema":{"@context":"https:\/\/schema.org","@graph":[{"@type":"Article","@id":"https:\/\/remind.it\/en\/vittorio-de-pedys-presidente-simest-allitalian-investment-council-by-remind-per-litalia-lexport-una-vera-necessita-strategica\/#article","isPartOf":{"@id":"https:\/\/remind.it\/en\/vittorio-de-pedys-presidente-simest-allitalian-investment-council-by-remind-per-litalia-lexport-una-vera-necessita-strategica\/"},"author":{"name":"Giulia Bisegni","@id":"https:\/\/remind.it\/en\/#\/schema\/person\/97b5493af9af7b235597ce0461c37c80"},"headline":"Vittorio de Pedys Presidente Simest all\u2019Italian Investment Council by Remind: \u201cPer l\u2019Italia l\u2019export una vera necessit\u00e0 strategica\u201d.","datePublished":"2026-03-03T13:48:16+00:00","dateModified":"2026-03-03T14:15:14+00:00","mainEntityOfPage":{"@id":"https:\/\/remind.it\/en\/vittorio-de-pedys-presidente-simest-allitalian-investment-council-by-remind-per-litalia-lexport-una-vera-necessita-strategica\/"},"wordCount":274,"commentCount":0,"publisher":{"@id":"https:\/\/remind.it\/en\/#organization"},"image":{"@id":"https:\/\/remind.it\/en\/vittorio-de-pedys-presidente-simest-allitalian-investment-council-by-remind-per-litalia-lexport-una-vera-necessita-strategica\/#primaryimage"},"thumbnailUrl":"https:\/\/remind.it\/wp-content\/uploads\/2026\/03\/DE-PEDYS-rotated-e1772547303346.jpg","articleSection":["Articoli"],"inLanguage":"en-US","potentialAction":[{"@type":"CommentAction","name":"Comment","target":["https:\/\/remind.it\/en\/vittorio-de-pedys-presidente-simest-allitalian-investment-council-by-remind-per-litalia-lexport-una-vera-necessita-strategica\/#respond"]}]},{"@type":"WebPage","@id":"https:\/\/remind.it\/en\/vittorio-de-pedys-presidente-simest-allitalian-investment-council-by-remind-per-litalia-lexport-una-vera-necessita-strategica\/","url":"https:\/\/remind.it\/en\/vittorio-de-pedys-presidente-simest-allitalian-investment-council-by-remind-per-litalia-lexport-una-vera-necessita-strategica\/","name":"Vittorio de Pedys Presidente Simest all\u2019Italian Investment Council by Remind: \u201cPer l\u2019Italia l\u2019export una vera necessit\u00e0 strategica\u201d. - Remind","isPartOf":{"@id":"https:\/\/remind.it\/en\/#website"},"primaryImageOfPage":{"@id":"https:\/\/remind.it\/en\/vittorio-de-pedys-presidente-simest-allitalian-investment-council-by-remind-per-litalia-lexport-una-vera-necessita-strategica\/#primaryimage"},"image":{"@id":"https:\/\/remind.it\/en\/vittorio-de-pedys-presidente-simest-allitalian-investment-council-by-remind-per-litalia-lexport-una-vera-necessita-strategica\/#primaryimage"},"thumbnailUrl":"https:\/\/remind.it\/wp-content\/uploads\/2026\/03\/DE-PEDYS-rotated-e1772547303346.jpg","datePublished":"2026-03-03T13:48:16+00:00","dateModified":"2026-03-03T14:15:14+00:00","breadcrumb":{"@id":"https:\/\/remind.it\/en\/vittorio-de-pedys-presidente-simest-allitalian-investment-council-by-remind-per-litalia-lexport-una-vera-necessita-strategica\/#breadcrumb"},"inLanguage":"en-US","potentialAction":[{"@type":"ReadAction","target":["https:\/\/remind.it\/en\/vittorio-de-pedys-presidente-simest-allitalian-investment-council-by-remind-per-litalia-lexport-una-vera-necessita-strategica\/"]}]},{"@type":"ImageObject","inLanguage":"en-US","@id":"https:\/\/remind.it\/en\/vittorio-de-pedys-presidente-simest-allitalian-investment-council-by-remind-per-litalia-lexport-una-vera-necessita-strategica\/#primaryimage","url":"https:\/\/remind.it\/wp-content\/uploads\/2026\/03\/DE-PEDYS-rotated-e1772547303346.jpg","contentUrl":"https:\/\/remind.it\/wp-content\/uploads\/2026\/03\/DE-PEDYS-rotated-e1772547303346.jpg","width":1248,"height":1176},{"@type":"BreadcrumbList","@id":"https:\/\/remind.it\/en\/vittorio-de-pedys-presidente-simest-allitalian-investment-council-by-remind-per-litalia-lexport-una-vera-necessita-strategica\/#breadcrumb","itemListElement":[{"@type":"ListItem","position":1,"name":"Home","item":"https:\/\/remind.it\/en\/"},{"@type":"ListItem","position":2,"name":"Vittorio de Pedys Presidente Simest all\u2019Italian Investment Council by Remind: \u201cPer l\u2019Italia l\u2019export una vera necessit\u00e0 strategica\u201d."}]},{"@type":"WebSite","@id":"https:\/\/remind.it\/en\/#website","url":"https:\/\/remind.it\/en\/","name":"Remind","description":"Associazione delle Buone Pratiche dei Settori Produttivi della Nazione","publisher":{"@id":"https:\/\/remind.it\/en\/#organization"},"potentialAction":[{"@type":"SearchAction","target":{"@type":"EntryPoint","urlTemplate":"https:\/\/remind.it\/en\/?s={search_term_string}"},"query-input":{"@type":"PropertyValueSpecification","valueRequired":true,"valueName":"search_term_string"}}],"inLanguage":"en-US"},{"@type":"Organization","@id":"https:\/\/remind.it\/en\/#organization","name":"Remind","url":"https:\/\/remind.it\/en\/","logo":{"@type":"ImageObject","inLanguage":"en-US","@id":"https:\/\/remind.it\/en\/#\/schema\/logo\/image\/","url":"https:\/\/remind.it\/wp-content\/uploads\/2025\/10\/ext-custom-logo-1759912052156.webp","contentUrl":"https:\/\/remind.it\/wp-content\/uploads\/2025\/10\/ext-custom-logo-1759912052156.webp","width":256,"height":256,"caption":"Remind"},"image":{"@id":"https:\/\/remind.it\/en\/#\/schema\/logo\/image\/"}},{"@type":"Person","@id":"https:\/\/remind.it\/en\/#\/schema\/person\/97b5493af9af7b235597ce0461c37c80","name":"Giulia Bisegni","image":{"@type":"ImageObject","inLanguage":"en-US","@id":"https:\/\/secure.gravatar.com\/avatar\/67a70a2ba74baaa1b8787beb1c354b3c3c6bf37cc04ec96869b25650c1e31c5a?s=96&d=mm&r=g","url":"https:\/\/secure.gravatar.com\/avatar\/67a70a2ba74baaa1b8787beb1c354b3c3c6bf37cc04ec96869b25650c1e31c5a?s=96&d=mm&r=g","contentUrl":"https:\/\/secure.gravatar.com\/avatar\/67a70a2ba74baaa1b8787beb1c354b3c3c6bf37cc04ec96869b25650c1e31c5a?s=96&d=mm&r=g","caption":"Giulia Bisegni"},"url":"https:\/\/remind.it\/en\/author\/bisegnigiuliagmail-com\/"}]}},"_links":{"self":[{"href":"https:\/\/remind.it\/en\/wp-json\/wp\/v2\/posts\/3357","targetHints":{"allow":["GET"]}}],"collection":[{"href":"https:\/\/remind.it\/en\/wp-json\/wp\/v2\/posts"}],"about":[{"href":"https:\/\/remind.it\/en\/wp-json\/wp\/v2\/types\/post"}],"author":[{"embeddable":true,"href":"https:\/\/remind.it\/en\/wp-json\/wp\/v2\/users\/2"}],"replies":[{"embeddable":true,"href":"https:\/\/remind.it\/en\/wp-json\/wp\/v2\/comments?post=3357"}],"version-history":[{"count":1,"href":"https:\/\/remind.it\/en\/wp-json\/wp\/v2\/posts\/3357\/revisions"}],"predecessor-version":[{"id":3358,"href":"https:\/\/remind.it\/en\/wp-json\/wp\/v2\/posts\/3357\/revisions\/3358"}],"wp:featuredmedia":[{"embeddable":true,"href":"https:\/\/remind.it\/en\/wp-json\/wp\/v2\/media\/3385"}],"wp:attachment":[{"href":"https:\/\/remind.it\/en\/wp-json\/wp\/v2\/media?parent=3357"}],"wp:term":[{"taxonomy":"category","embeddable":true,"href":"https:\/\/remind.it\/en\/wp-json\/wp\/v2\/categories?post=3357"},{"taxonomy":"post_tag","embeddable":true,"href":"https:\/\/remind.it\/en\/wp-json\/wp\/v2\/tags?post=3357"}],"curies":[{"name":"wp","href":"https:\/\/api.w.org\/{rel}","templated":true}]}}